{"id":4,"date":"2006-11-03T00:50:59","date_gmt":"2006-11-03T00:50:59","guid":{"rendered":"http:\/\/www.pianomundo.com.ar\/rockpop\/nueva-york-anfitrion-de-los-grammys-latinos\/"},"modified":"2006-11-03T02:42:53","modified_gmt":"2006-11-03T02:42:53","slug":"nueva-york-anfitrion-grammys-latinos","status":"publish","type":"post","link":"https:\/\/www.pianomundo.com.ar\/rockpop\/nueva-york-anfitrion-grammys-latinos\/","title":{"rendered":"Nueva York anfitri\u00f3n de los Grammys Latinos"},"content":{"rendered":"<p>La ciudad de Nueva York piensa mostrar su diversa comunidad latina al jugar como anfitri\u00f3n por vez primera para los premios Grammys Latinoamericanos.  \u201cSomos la verdadera capital latina\u201d dijo Maureen J. Reidy, la presidente de Grandes Eventos de la Ciudad de Nueva york, la organizaci\u00f3n de la ciudad que trajo el evento al Parque Madison. \u201cNosotros tenemos la poblaci\u00f3n latina mas diversa\u201d.<br \/>\nLos eventos de este a\u00f1o marcan que por primera vez, luego de los siete a\u00f1os de historia de los Grammys Latinos, las entradas al show fueron vendidas al p\u00fablico. \u201cQuisi\u00e9ramos que tuviera ese sabor de la comunidad local\u00bb, dijo Ron Roecker, un portavoz que habl\u00f3 para la Academia de grabaci\u00f3n latina hablando por tel\u00e9fono el mi\u00e9rcoles. \u201cEs realmente en torno a la pasi\u00f3n, el esp\u00edritu y a la diversidad. Creo que todas estas cosas se engloban en donde la ciudad de Nueva York se encuentra justo ahora\u201d.<br \/>\nLisa Pursell, directora asociada a la galer\u00eda de arte Latin Collector dijo que la comunidad latina de la ciudad no puede ser definida por \u00abun grupo \u00e9tnico\u00bb. Esta semana la galer\u00eda esta exhibiendo el trabajo de una artista mexicana Andrea Arroyo que ha sido encargada para los Grammys latinos. \u201cUsualmente cuando la gente piensa en cosas latinas en Nueva York piensan en los puertorique\u00f1os, pero realmente es m\u00e1s que eso\u201d, exclam\u00f3 Pursell.<br \/>\nEl conseguir llevar los Grammys latinos a la ciudad de Nueva York llev\u00f3 tres a\u00f1os de negociaciones, dijo Reidy, de NYC Grandes Eventos. Ella coment\u00f3 que el alto costo de presentar el show en Nueva York fue una de las razones por las cuales la ceremonia de los premios no fue llevada a cabo antes de este a\u00f1o. V\u00edctor Arango, un portavoz para  Americas Society, una asociaci\u00f3n sin fines de lucro que promueve la cultura latina, dijo que era cuestion de tiempo para que los Grammys latinos llegaran a Nueva York. \u201cYo creo que la ciudad es, a su modo, el epicentro de la cultura Latinoamericana en este pa\u00eds\u201d, exclam\u00f3.<br \/>\nLos Grammys latinos del jueves incluyen presentaciones en vivo de grandes estrellas del pop como Shakira y Ricky Martin, as\u00ed como tambi\u00e9n artistas del reggaeton, Ivy Queen y Wisin &#038; Yandel. El show, el cual ha sido vendido al p\u00fablico, ser\u00e1 difundido en la red de univision en espa\u00f1ol.<\/p>\n","protected":false},"excerpt":{"rendered":"<p>La ciudad de Nueva York piensa mostrar su diversa comunidad latina al jugar como anfitri\u00f3n por vez primera para los [&hellip;]<\/p>\n","protected":false},"author":1,"featured_media":518,"comment_status":"open","ping_status":"open","sticky":false,"template":"","format":"standard","meta":{"site-sidebar-layout":"default","site-content-layout":"","ast-site-content-layout":"default","site-content-style":"default","site-sidebar-style":"default","ast-global-header-display":"","ast-banner-title-visibility":"","ast-main-header-display":"","ast-hfb-above-header-display":"","ast-hfb-below-header-display":"","ast-hfb-mobile-header-display":"","site-post-title":"","ast-breadcrumbs-content":"","ast-featured-img":"","footer-sml-layout":"","theme-transparent-header-meta":"","adv-header-id-meta":"","stick-header-meta":"","header-above-stick-meta":"","header-main-stick-meta":"","header-below-stick-meta":"","astra-migrate-meta-layouts":"default","ast-page-background-enabled":"default","ast-page-background-meta":{"desktop":{"background-color":"var(--ast-global-color-5)","background-image":"","background-repeat":"repeat","background-position":"center center","background-size":"auto","background-attachment":"scroll","background-type":"","background-media":"","overlay-type":"","overlay-color":"","overlay-opacity":"","overlay-gradient":""},"tablet":{"background-color":"","background-image":"","background-repeat":"repeat","background-position":"center center","background-size":"auto","background-attachment":"scroll","background-type":"","background-media":"","overlay-type":"","overlay-color":"","overlay-opacity":"","overlay-gradient":""},"mobile":{"background-color":"","background-image":"","background-repeat":"repeat","background-position":"center center","background-size":"auto","background-attachment":"scroll","background-type":"","background-media":"","overlay-type":"","overlay-color":"","overlay-opacity":"","overlay-gradient":""}},"ast-content-background-meta":{"desktop":{"background-color":"var(--ast-global-color-4)","background-image":"","background-repeat":"repeat","background-position":"center center","background-size":"auto","background-attachment":"scroll","background-type":"","background-media":"","overlay-type":"","overlay-color":"","overlay-opacity":"","overlay-gradient":""},"tablet":{"background-color":"var(--ast-global-color-4)","background-image":"","background-repeat":"repeat","background-position":"center center","background-size":"auto","background-attachment":"scroll","background-type":"","background-media":"","overlay-type":"","overlay-color":"","overlay-opacity":"","overlay-gradient":""},"mobile":{"background-color":"var(--ast-global-color-4)","background-image":"","background-repeat":"repeat","background-position":"center center","background-size":"auto","background-attachment":"scroll","background-type":"","background-media":"","overlay-type":"","overlay-color":"","overlay-opacity":"","overlay-gradient":""}},"footnotes":""},"categories":[2],"tags":[],"class_list":["post-4","post","type-post","status-publish","format-standard","has-post-thumbnail","hentry","category-musica-rock"],"_links":{"self":[{"href":"https:\/\/www.pianomundo.com.ar\/rockpop\/wp-json\/wp\/v2\/posts\/4","targetHints":{"allow":["GET"]}}],"collection":[{"href":"https:\/\/www.pianomundo.com.ar\/rockpop\/wp-json\/wp\/v2\/posts"}],"about":[{"href":"https:\/\/www.pianomundo.com.ar\/rockpop\/wp-json\/wp\/v2\/types\/post"}],"author":[{"embeddable":true,"href":"https:\/\/www.pianomundo.com.ar\/rockpop\/wp-json\/wp\/v2\/users\/1"}],"replies":[{"embeddable":true,"href":"https:\/\/www.pianomundo.com.ar\/rockpop\/wp-json\/wp\/v2\/comments?post=4"}],"version-history":[{"count":0,"href":"https:\/\/www.pianomundo.com.ar\/rockpop\/wp-json\/wp\/v2\/posts\/4\/revisions"}],"wp:featuredmedia":[{"embeddable":true,"href":"https:\/\/www.pianomundo.com.ar\/rockpop\/wp-json\/wp\/v2\/media\/518"}],"wp:attachment":[{"href":"https:\/\/www.pianomundo.com.ar\/rockpop\/wp-json\/wp\/v2\/media?parent=4"}],"wp:term":[{"taxonomy":"category","embeddable":true,"href":"https:\/\/www.pianomundo.com.ar\/rockpop\/wp-json\/wp\/v2\/categories?post=4"},{"taxonomy":"post_tag","embeddable":true,"href":"https:\/\/www.pianomundo.com.ar\/rockpop\/wp-json\/wp\/v2\/tags?post=4"}],"curies":[{"name":"wp","href":"https:\/\/api.w.org\/{rel}","templated":true}]}}